{"id":127640,"date":"2026-09-04T12:12:45","date_gmt":"2026-09-04T10:12:45","guid":{"rendered":"https:\/\/news.acropolis.org\/?p=127640"},"modified":"2026-09-04T13:14:02","modified_gmt":"2026-09-04T11:14:02","slug":"velada-poetica-panama-2","status":"publish","type":"post","link":"https:\/\/news.acropolis.org\/es\/2026\/velada-poetica-panama-2\/","title":{"rendered":"Velada po\u00e9tica (Panam\u00e1)"},"content":{"rendered":"<p data-start=\"0\" data-end=\"525\">En conmemoraci\u00f3n del <span class=\"hover:entity-accent entity-underline inline cursor-pointer align-baseline\"><span class=\"whitespace-normal\">D\u00eda Internacional de la Poes\u00eda<\/span><\/span>, se llev\u00f3 a cabo una Noche de Poes\u00eda que invit\u00f3 a los asistentes a sumergirse en la belleza de la palabra y el encuentro con el arte. La velada fue concebida como un espacio abierto y cercano, donde no era necesario tener conocimientos previos, ya que los poemas fueron compartidos en el momento, permitiendo que todos participaran activamente en la lectura y la reflexi\u00f3n. La actividad uni\u00f3 filosof\u00eda, sensibilidad y expresi\u00f3n art\u00edstica en un ambiente acogedor.<\/p>\n<p data-start=\"527\" data-end=\"992\" data-is-last-node=\"\" data-is-only-node=\"\">Durante la noche, los participantes leyeron, escucharon y compartieron versos en un entorno sencillo, donde las palabras dieron paso a pausas, risas y momentos de conexi\u00f3n genuina. M\u00e1s all\u00e1 de la lectura, la poes\u00eda se revel\u00f3 como un puente para el encuentro humano, recordando que tambi\u00e9n es una forma de reconocernos en los dem\u00e1s. La jornada dej\u00f3 una experiencia c\u00e1lida y significativa, donde el arte se vivi\u00f3 como un camino de cercan\u00eda, reflexi\u00f3n y comunidad.<\/p>\n<p data-start=\"527\" data-end=\"992\" data-is-last-node=\"\" data-is-only-node=\"\"><a href=\"https:\/\/news.acropolis.org\/wp-content\/uploads\/2026\/04\/Captura-de-Pantalla-2026-04-30-a-las-8.56.16-a.-m.png\"><img loading=\"lazy\" decoding=\"async\" class=\"alignnone size-full wp-image-127641\" src=\"https:\/\/news.acropolis.org\/wp-content\/uploads\/2026\/04\/Captura-de-Pantalla-2026-04-30-a-las-8.56.16-a.-m.png\" alt=\"\" width=\"397\" height=\"363\" srcset=\"https:\/\/news.acropolis.org\/wp-content\/uploads\/2026\/04\/Captura-de-Pantalla-2026-04-30-a-las-8.56.16-a.-m.png 397w, https:\/\/news.acropolis.org\/wp-content\/uploads\/2026\/04\/Captura-de-Pantalla-2026-04-30-a-las-8.56.16-a.-m-300x274.png 300w\" sizes=\"auto, (max-width: 397px) 100vw, 397px\" \/><\/a> <a href=\"https:\/\/news.acropolis.org\/wp-content\/uploads\/2026\/04\/Captura-de-Pantalla-2026-04-30-a-las-8.56.37-a.-m.png\"><img loading=\"lazy\" decoding=\"async\" class=\"alignnone size-full wp-image-127644\" src=\"https:\/\/news.acropolis.org\/wp-content\/uploads\/2026\/04\/Captura-de-Pantalla-2026-04-30-a-las-8.56.37-a.-m.png\" alt=\"\" width=\"391\" height=\"427\" srcset=\"https:\/\/news.acropolis.org\/wp-content\/uploads\/2026\/04\/Captura-de-Pantalla-2026-04-30-a-las-8.56.37-a.-m.png 391w, https:\/\/news.acropolis.org\/wp-content\/uploads\/2026\/04\/Captura-de-Pantalla-2026-04-30-a-las-8.56.37-a.-m-275x300.png 275w\" sizes=\"auto, (max-width: 391px) 100vw, 391px\" \/><\/a><\/p>\n","protected":false},"excerpt":{"rendered":"<p>En conmemoraci\u00f3n del D\u00eda Internacional de la Poes\u00eda, se llev\u00f3 a cabo una Noche de Poes\u00eda que invit\u00f3 a los asistentes a sumergirse en la belleza de la palabra y [&hellip;]<\/p>\n","protected":false},"author":50,"featured_media":127641,"comment_status":"open","ping_status":"open","sticky":false,"template":"","format":"standard","meta":{"footnotes":""},"categories":[49],"tags":[],"class_list":["post-127640","post","type-post","status-publish","format-standard","has-post-thumbnail","hentry","category-artisticas_artesanales","clearfix"],"yoast_head":"<!-- This site is optimized with the Yoast SEO plugin v28.4 - https:\/\/yoast.com\/product\/yoast-seo-wordpress\/ -->\n<title>Velada po\u00e9tica (Panam\u00e1) - Noticias de Nueva Acr\u00f3polis<\/title>\n<meta name=\"robots\" content=\"index, follow, max-snippet:-1, max-image-preview:large, max-video-preview:-1\" \/>\n<link rel=\"canonical\" href=\"https:\/\/news.acropolis.org\/es\/2026\/velada-poetica-panama-2\/\" \/>\n<meta name=\"twitter:card\" content=\"summary_large_image\" \/>\n<meta name=\"twitter:title\" content=\"Velada po\u00e9tica (Panam\u00e1) - Noticias de Nueva Acr\u00f3polis\" \/>\n<meta name=\"twitter:description\" content=\"En conmemoraci\u00f3n del D\u00eda Internacional de la Poes\u00eda, se llev\u00f3 a cabo una Noche de Poes\u00eda que invit\u00f3 a los asistentes a sumergirse en la belleza de la palabra y [&hellip;]\" \/>\n<meta name=\"twitter:image\" content=\"https:\/\/news.acropolis.org\/wp-content\/uploads\/2026\/04\/Captura-de-Pantalla-2026-04-30-a-las-8.56.16-a.-m.png\" \/>\n<meta name=\"twitter:label1\" content=\"Escrito por\" \/>\n\t<meta name=\"twitter:data1\" content=\"Panam\u00e1\" \/>\n\t<meta name=\"twitter:label2\" content=\"Tiempo de lectura\" \/>\n\t<meta name=\"twitter:data2\" content=\"2 minutes\" \/>\n<script type=\"application\/ld+json\" class=\"yoast-schema-graph\">{\"@context\":\"https:\\\/\\\/schema.org\",\"@graph\":[{\"@type\":\"Article\",\"@id\":\"https:\\\/\\\/news.acropolis.org\\\/es\\\/2026\\\/velada-poetica-panama-2\\\/#article\",\"isPartOf\":{\"@id\":\"https:\\\/\\\/news.acropolis.org\\\/es\\\/2026\\\/velada-poetica-panama-2\\\/\"},\"author\":{\"name\":\"Panama\",\"@id\":\"https:\\\/\\\/news.acropolis.org\\\/es\\\/#\\\/schema\\\/person\\\/44fe880a2a861ee0d2bcaef437ac0fa7\"},\"headline\":\"Velada po\u00e9tica (Panam\u00e1)\",\"datePublished\":\"2026-09-04T10:12:45+00:00\",\"dateModified\":\"2026-09-04T11:14:02+00:00\",\"mainEntityOfPage\":{\"@id\":\"https:\\\/\\\/news.acropolis.org\\\/es\\\/2026\\\/velada-poetica-panama-2\\\/\"},\"wordCount\":179,\"commentCount\":0,\"image\":{\"@id\":\"https:\\\/\\\/news.acropolis.org\\\/es\\\/2026\\\/velada-poetica-panama-2\\\/#primaryimage\"},\"thumbnailUrl\":\"https:\\\/\\\/news.acropolis.org\\\/wp-content\\\/uploads\\\/2026\\\/04\\\/Captura-de-Pantalla-2026-04-30-a-las-8.56.16-a.-m.png\",\"articleSection\":[\"Actividades Art\u00edsticas y Artesanales\"],\"inLanguage\":\"es-ES\",\"potentialAction\":[{\"@type\":\"CommentAction\",\"name\":\"Comment\",\"target\":[\"https:\\\/\\\/news.acropolis.org\\\/es\\\/2026\\\/velada-poetica-panama-2\\\/#respond\"]}]},{\"@type\":\"WebPage\",\"@id\":\"https:\\\/\\\/news.acropolis.org\\\/es\\\/2026\\\/velada-poetica-panama-2\\\/\",\"url\":\"https:\\\/\\\/news.acropolis.org\\\/es\\\/2026\\\/velada-poetica-panama-2\\\/\",\"name\":\"Velada po\u00e9tica (Panam\u00e1) - Noticias de Nueva Acr\u00f3polis\",\"isPartOf\":{\"@id\":\"https:\\\/\\\/news.acropolis.org\\\/es\\\/#website\"},\"primaryImageOfPage\":{\"@id\":\"https:\\\/\\\/news.acropolis.org\\\/es\\\/2026\\\/velada-poetica-panama-2\\\/#primaryimage\"},\"image\":{\"@id\":\"https:\\\/\\\/news.acropolis.org\\\/es\\\/2026\\\/velada-poetica-panama-2\\\/#primaryimage\"},\"thumbnailUrl\":\"https:\\\/\\\/news.acropolis.org\\\/wp-content\\\/uploads\\\/2026\\\/04\\\/Captura-de-Pantalla-2026-04-30-a-las-8.56.16-a.-m.png\",\"datePublished\":\"2026-09-04T10:12:45+00:00\",\"dateModified\":\"2026-09-04T11:14:02+00:00\",\"author\":{\"@id\":\"https:\\\/\\\/news.acropolis.org\\\/es\\\/#\\\/schema\\\/person\\\/44fe880a2a861ee0d2bcaef437ac0fa7\"},\"breadcrumb\":{\"@id\":\"https:\\\/\\\/news.acropolis.org\\\/es\\\/2026\\\/velada-poetica-panama-2\\\/#breadcrumb\"},\"inLanguage\":\"es-ES\",\"potentialAction\":[{\"@type\":\"ReadAction\",\"target\":[\"https:\\\/\\\/news.acropolis.org\\\/es\\\/2026\\\/velada-poetica-panama-2\\\/\"]}]},{\"@type\":\"ImageObject\",\"inLanguage\":\"es-ES\",\"@id\":\"https:\\\/\\\/news.acropolis.org\\\/es\\\/2026\\\/velada-poetica-panama-2\\\/#primaryimage\",\"url\":\"https:\\\/\\\/news.acropolis.org\\\/wp-content\\\/uploads\\\/2026\\\/04\\\/Captura-de-Pantalla-2026-04-30-a-las-8.56.16-a.-m.png\",\"contentUrl\":\"https:\\\/\\\/news.acropolis.org\\\/wp-content\\\/uploads\\\/2026\\\/04\\\/Captura-de-Pantalla-2026-04-30-a-las-8.56.16-a.-m.png\",\"width\":397,\"height\":363},{\"@type\":\"BreadcrumbList\",\"@id\":\"https:\\\/\\\/news.acropolis.org\\\/es\\\/2026\\\/velada-poetica-panama-2\\\/#breadcrumb\",\"itemListElement\":[{\"@type\":\"ListItem\",\"position\":1,\"name\":\"Portada\",\"item\":\"https:\\\/\\\/news.acropolis.org\\\/es\\\/\"},{\"@type\":\"ListItem\",\"position\":2,\"name\":\"Velada po\u00e9tica (Panam\u00e1)\"}]},{\"@type\":\"WebSite\",\"@id\":\"https:\\\/\\\/news.acropolis.org\\\/es\\\/#website\",\"url\":\"https:\\\/\\\/news.acropolis.org\\\/es\\\/\",\"name\":\"Noticias de Nueva Acr\u00f3polis\",\"description\":\"Actividades de la Organizaci\u00f3n Internacional Nueva Acr\u00f3polis\",\"potentialAction\":[{\"@type\":\"SearchAction\",\"target\":{\"@type\":\"EntryPoint\",\"urlTemplate\":\"https:\\\/\\\/news.acropolis.org\\\/es\\\/?s={search_term_string}\"},\"query-input\":{\"@type\":\"PropertyValueSpecification\",\"valueRequired\":true,\"valueName\":\"search_term_string\"}}],\"inLanguage\":\"es-ES\"},{\"@type\":\"Person\",\"@id\":\"https:\\\/\\\/news.acropolis.org\\\/es\\\/#\\\/schema\\\/person\\\/44fe880a2a861ee0d2bcaef437ac0fa7\",\"name\":\"Panama\",\"image\":{\"@type\":\"ImageObject\",\"inLanguage\":\"es-ES\",\"@id\":\"https:\\\/\\\/news.acropolis.org\\\/wp-content\\\/uploads\\\/2017\\\/05\\\/PAN.png\",\"url\":\"https:\\\/\\\/news.acropolis.org\\\/wp-content\\\/uploads\\\/2017\\\/05\\\/PAN.png\",\"contentUrl\":\"https:\\\/\\\/news.acropolis.org\\\/wp-content\\\/uploads\\\/2017\\\/05\\\/PAN.png\",\"caption\":\"Panama\"},\"url\":\"https:\\\/\\\/news.acropolis.org\\\/es\\\/author\\\/oinapan\\\/\"}]}<\/script>\n<!-- \/ Yoast SEO plugin. -->","yoast_head_json":{"title":"Velada po\u00e9tica (Panam\u00e1) - Noticias de Nueva Acr\u00f3polis","robots":{"index":"index","follow":"follow","max-snippet":"max-snippet:-1","max-image-preview":"max-image-preview:large","max-video-preview":"max-video-preview:-1"},"canonical":"https:\/\/news.acropolis.org\/es\/2026\/velada-poetica-panama-2\/","twitter_card":"summary_large_image","twitter_title":"Velada po\u00e9tica (Panam\u00e1) - Noticias de Nueva Acr\u00f3polis","twitter_description":"En conmemoraci\u00f3n del D\u00eda Internacional de la Poes\u00eda, se llev\u00f3 a cabo una Noche de Poes\u00eda que invit\u00f3 a los asistentes a sumergirse en la belleza de la palabra y [&hellip;]","twitter_image":"https:\/\/news.acropolis.org\/wp-content\/uploads\/2026\/04\/Captura-de-Pantalla-2026-04-30-a-las-8.56.16-a.-m.png","twitter_misc":{"Escrito por":"Panam\u00e1","Tiempo de lectura":"2 minutes"},"schema":{"@context":"https:\/\/schema.org","@graph":[{"@type":"Article","@id":"https:\/\/news.acropolis.org\/es\/2026\/velada-poetica-panama-2\/#article","isPartOf":{"@id":"https:\/\/news.acropolis.org\/es\/2026\/velada-poetica-panama-2\/"},"author":{"name":"Panama","@id":"https:\/\/news.acropolis.org\/es\/#\/schema\/person\/44fe880a2a861ee0d2bcaef437ac0fa7"},"headline":"Velada po\u00e9tica (Panam\u00e1)","datePublished":"2026-09-04T10:12:45+00:00","dateModified":"2026-09-04T11:14:02+00:00","mainEntityOfPage":{"@id":"https:\/\/news.acropolis.org\/es\/2026\/velada-poetica-panama-2\/"},"wordCount":179,"commentCount":0,"image":{"@id":"https:\/\/news.acropolis.org\/es\/2026\/velada-poetica-panama-2\/#primaryimage"},"thumbnailUrl":"https:\/\/news.acropolis.org\/wp-content\/uploads\/2026\/04\/Captura-de-Pantalla-2026-04-30-a-las-8.56.16-a.-m.png","articleSection":["Actividades Art\u00edsticas y Artesanales"],"inLanguage":"es-ES","potentialAction":[{"@type":"CommentAction","name":"Comment","target":["https:\/\/news.acropolis.org\/es\/2026\/velada-poetica-panama-2\/#respond"]}]},{"@type":"WebPage","@id":"https:\/\/news.acropolis.org\/es\/2026\/velada-poetica-panama-2\/","url":"https:\/\/news.acropolis.org\/es\/2026\/velada-poetica-panama-2\/","name":"Velada po\u00e9tica (Panam\u00e1) - Noticias de Nueva Acr\u00f3polis","isPartOf":{"@id":"https:\/\/news.acropolis.org\/es\/#website"},"primaryImageOfPage":{"@id":"https:\/\/news.acropolis.org\/es\/2026\/velada-poetica-panama-2\/#primaryimage"},"image":{"@id":"https:\/\/news.acropolis.org\/es\/2026\/velada-poetica-panama-2\/#primaryimage"},"thumbnailUrl":"https:\/\/news.acropolis.org\/wp-content\/uploads\/2026\/04\/Captura-de-Pantalla-2026-04-30-a-las-8.56.16-a.-m.png","datePublished":"2026-09-04T10:12:45+00:00","dateModified":"2026-09-04T11:14:02+00:00","author":{"@id":"https:\/\/news.acropolis.org\/es\/#\/schema\/person\/44fe880a2a861ee0d2bcaef437ac0fa7"},"breadcrumb":{"@id":"https:\/\/news.acropolis.org\/es\/2026\/velada-poetica-panama-2\/#breadcrumb"},"inLanguage":"es-ES","potentialAction":[{"@type":"ReadAction","target":["https:\/\/news.acropolis.org\/es\/2026\/velada-poetica-panama-2\/"]}]},{"@type":"ImageObject","inLanguage":"es-ES","@id":"https:\/\/news.acropolis.org\/es\/2026\/velada-poetica-panama-2\/#primaryimage","url":"https:\/\/news.acropolis.org\/wp-content\/uploads\/2026\/04\/Captura-de-Pantalla-2026-04-30-a-las-8.56.16-a.-m.png","contentUrl":"https:\/\/news.acropolis.org\/wp-content\/uploads\/2026\/04\/Captura-de-Pantalla-2026-04-30-a-las-8.56.16-a.-m.png","width":397,"height":363},{"@type":"BreadcrumbList","@id":"https:\/\/news.acropolis.org\/es\/2026\/velada-poetica-panama-2\/#breadcrumb","itemListElement":[{"@type":"ListItem","position":1,"name":"Portada","item":"https:\/\/news.acropolis.org\/es\/"},{"@type":"ListItem","position":2,"name":"Velada po\u00e9tica (Panam\u00e1)"}]},{"@type":"WebSite","@id":"https:\/\/news.acropolis.org\/es\/#website","url":"https:\/\/news.acropolis.org\/es\/","name":"Noticias de Nueva Acr\u00f3polis","description":"Actividades de la Organizaci\u00f3n Internacional Nueva Acr\u00f3polis","potentialAction":[{"@type":"SearchAction","target":{"@type":"EntryPoint","urlTemplate":"https:\/\/news.acropolis.org\/es\/?s={search_term_string}"},"query-input":{"@type":"PropertyValueSpecification","valueRequired":true,"valueName":"search_term_string"}}],"inLanguage":"es-ES"},{"@type":"Person","@id":"https:\/\/news.acropolis.org\/es\/#\/schema\/person\/44fe880a2a861ee0d2bcaef437ac0fa7","name":"Panama","image":{"@type":"ImageObject","inLanguage":"es-ES","@id":"https:\/\/news.acropolis.org\/wp-content\/uploads\/2017\/05\/PAN.png","url":"https:\/\/news.acropolis.org\/wp-content\/uploads\/2017\/05\/PAN.png","contentUrl":"https:\/\/news.acropolis.org\/wp-content\/uploads\/2017\/05\/PAN.png","caption":"Panama"},"url":"https:\/\/news.acropolis.org\/es\/author\/oinapan\/"}]}},"_links":{"self":[{"href":"https:\/\/news.acropolis.org\/es\/wp-json\/wp\/v2\/posts\/127640","targetHints":{"allow":["GET"]}}],"collection":[{"href":"https:\/\/news.acropolis.org\/es\/wp-json\/wp\/v2\/posts"}],"about":[{"href":"https:\/\/news.acropolis.org\/es\/wp-json\/wp\/v2\/types\/post"}],"author":[{"embeddable":true,"href":"https:\/\/news.acropolis.org\/es\/wp-json\/wp\/v2\/users\/50"}],"replies":[{"embeddable":true,"href":"https:\/\/news.acropolis.org\/es\/wp-json\/wp\/v2\/comments?post=127640"}],"version-history":[{"count":3,"href":"https:\/\/news.acropolis.org\/es\/wp-json\/wp\/v2\/posts\/127640\/revisions"}],"predecessor-version":[{"id":132315,"href":"https:\/\/news.acropolis.org\/es\/wp-json\/wp\/v2\/posts\/127640\/revisions\/132315"}],"wp:featuredmedia":[{"embeddable":true,"href":"https:\/\/news.acropolis.org\/es\/wp-json\/wp\/v2\/media\/127641"}],"wp:attachment":[{"href":"https:\/\/news.acropolis.org\/es\/wp-json\/wp\/v2\/media?parent=127640"}],"wp:term":[{"taxonomy":"category","embeddable":true,"href":"https:\/\/news.acropolis.org\/es\/wp-json\/wp\/v2\/categories?post=127640"},{"taxonomy":"post_tag","embeddable":true,"href":"https:\/\/news.acropolis.org\/es\/wp-json\/wp\/v2\/tags?post=127640"}],"curies":[{"name":"wp","href":"https:\/\/api.w.org\/{rel}","templated":true}]}}