{"id":131220,"date":"2026-09-04T13:00:03","date_gmt":"2026-09-04T11:00:03","guid":{"rendered":"https:\/\/news.acropolis.org\/?p=131220"},"modified":"2026-09-04T13:11:40","modified_gmt":"2026-09-04T11:11:40","slug":"el-arte-una-expresion-del-alma-ecuador","status":"publish","type":"post","link":"https:\/\/news.acropolis.org\/es\/2026\/el-arte-una-expresion-del-alma-ecuador\/","title":{"rendered":"El arte, una expresi\u00f3n del alma (Ecuador)"},"content":{"rendered":"<p><a href=\"https:\/\/news.acropolis.org\/wp-content\/uploads\/2026\/08\/21-cultura-Celebracion-del-Solsticio-Inti-Raymi-25.jpeg\"><img loading=\"lazy\" decoding=\"async\" class=\"alignleft size-medium wp-image-131375\" src=\"https:\/\/news.acropolis.org\/wp-content\/uploads\/2026\/08\/21-cultura-Celebracion-del-Solsticio-Inti-Raymi-25-225x300.jpeg\" alt=\"\" width=\"225\" height=\"300\" srcset=\"https:\/\/news.acropolis.org\/wp-content\/uploads\/2026\/08\/21-cultura-Celebracion-del-Solsticio-Inti-Raymi-25-225x300.jpeg 225w, https:\/\/news.acropolis.org\/wp-content\/uploads\/2026\/08\/21-cultura-Celebracion-del-Solsticio-Inti-Raymi-25-768x1024.jpeg 768w, https:\/\/news.acropolis.org\/wp-content\/uploads\/2026\/08\/21-cultura-Celebracion-del-Solsticio-Inti-Raymi-25-1152x1536.jpeg 1152w, https:\/\/news.acropolis.org\/wp-content\/uploads\/2026\/08\/21-cultura-Celebracion-del-Solsticio-Inti-Raymi-25-730x973.jpeg 730w, https:\/\/news.acropolis.org\/wp-content\/uploads\/2026\/08\/21-cultura-Celebracion-del-Solsticio-Inti-Raymi-25-435x580.jpeg 435w, https:\/\/news.acropolis.org\/wp-content\/uploads\/2026\/08\/21-cultura-Celebracion-del-Solsticio-Inti-Raymi-25.jpeg 1200w\" sizes=\"auto, (max-width: 225px) 100vw, 225px\" \/><\/a>El Arte es la expresi\u00f3n viva del Alma, y Nueva Acr\u00f3polis lo expres\u00f3 en sus diferentes facetas en todas las ciudades donde estamos presentes como Escuela de Filosof\u00eda.<\/p>\n<p>En la ciudad de Ibarra tuvimos un recital de m\u00fasica y poes\u00eda. En Cumbaya conversamos sobre arquitectura y la influencia italiana en el Centro Hist\u00f3rico de Quito. Quito nos hizo vibrar con las danzas andinas de nuestro pa\u00eds.<\/p>\n<p>En Guayaquil pintamos y plasmamos con nuestras manos la belleza. Ambato realiz\u00f3 varios talleres: arte, poes\u00eda, pintura. Santo Domingo de los Colorados invit\u00f3 a diferentes grupos representativos del Ecuador a bailar en el festival de danza 2026. Portoviejo nos habl\u00f3 de la Naturaleza como maestra de nuestra vida. <a href=\"https:\/\/news.acropolis.org\/wp-content\/uploads\/2026\/08\/21-cultura-Celebracion-del-Solsticio-Inti-Raymi-17.jpeg\"><img loading=\"lazy\" decoding=\"async\" class=\"alignleft size-medium wp-image-131372\" src=\"https:\/\/news.acropolis.org\/wp-content\/uploads\/2026\/08\/21-cultura-Celebracion-del-Solsticio-Inti-Raymi-17-300x225.jpeg\" alt=\"\" width=\"300\" height=\"225\" srcset=\"https:\/\/news.acropolis.org\/wp-content\/uploads\/2026\/08\/21-cultura-Celebracion-del-Solsticio-Inti-Raymi-17-300x225.jpeg 300w, https:\/\/news.acropolis.org\/wp-content\/uploads\/2026\/08\/21-cultura-Celebracion-del-Solsticio-Inti-Raymi-17-1024x768.jpeg 1024w, https:\/\/news.acropolis.org\/wp-content\/uploads\/2026\/08\/21-cultura-Celebracion-del-Solsticio-Inti-Raymi-17-768x576.jpeg 768w, https:\/\/news.acropolis.org\/wp-content\/uploads\/2026\/08\/21-cultura-Celebracion-del-Solsticio-Inti-Raymi-17-1536x1152.jpeg 1536w, https:\/\/news.acropolis.org\/wp-content\/uploads\/2026\/08\/21-cultura-Celebracion-del-Solsticio-Inti-Raymi-17-730x548.jpeg 730w, https:\/\/news.acropolis.org\/wp-content\/uploads\/2026\/08\/21-cultura-Celebracion-del-Solsticio-Inti-Raymi-17-435x326.jpeg 435w, https:\/\/news.acropolis.org\/wp-content\/uploads\/2026\/08\/21-cultura-Celebracion-del-Solsticio-Inti-Raymi-17-80x60.jpeg 80w, https:\/\/news.acropolis.org\/wp-content\/uploads\/2026\/08\/21-cultura-Celebracion-del-Solsticio-Inti-Raymi-17.jpeg 1600w\" sizes=\"auto, (max-width: 300px) 100vw, 300px\" \/><\/a>En la sede Pastaza estuvimos analizando algo muy importante en nuestra vida, la palabra, expresi\u00f3n diaria del arte.<\/p>\n<p>&nbsp;<\/p>\n<p><a href=\"https:\/\/news.acropolis.org\/wp-content\/uploads\/2026\/07\/6-Ibarra-DMA.png\"><img loading=\"lazy\" decoding=\"async\" class=\"alignleft size-medium wp-image-131221\" src=\"https:\/\/news.acropolis.org\/wp-content\/uploads\/2026\/07\/6-Ibarra-DMA-240x300.png\" alt=\"\" width=\"240\" height=\"300\" srcset=\"https:\/\/news.acropolis.org\/wp-content\/uploads\/2026\/07\/6-Ibarra-DMA-240x300.png 240w, https:\/\/news.acropolis.org\/wp-content\/uploads\/2026\/07\/6-Ibarra-DMA-819x1024.png 819w, https:\/\/news.acropolis.org\/wp-content\/uploads\/2026\/07\/6-Ibarra-DMA-768x960.png 768w, https:\/\/news.acropolis.org\/wp-content\/uploads\/2026\/07\/6-Ibarra-DMA-730x913.png 730w, https:\/\/news.acropolis.org\/wp-content\/uploads\/2026\/07\/6-Ibarra-DMA-435x544.png 435w, https:\/\/news.acropolis.org\/wp-content\/uploads\/2026\/07\/6-Ibarra-DMA.png 1080w\" sizes=\"auto, (max-width: 240px) 100vw, 240px\" \/><\/a><\/p>\n","protected":false},"excerpt":{"rendered":"<p>El Arte es la expresi\u00f3n viva del Alma, y Nueva Acr\u00f3polis lo expres\u00f3 en sus diferentes facetas en todas las ciudades donde estamos presentes como Escuela de Filosof\u00eda. En la [&hellip;]<\/p>\n","protected":false},"author":54,"featured_media":131221,"comment_status":"open","ping_status":"open","sticky":false,"template":"","format":"standard","meta":{"footnotes":""},"categories":[6526],"tags":[],"class_list":["post-131220","post","type-post","status-publish","format-standard","has-post-thumbnail","hentry","category-dia-de-las-artes","clearfix"],"yoast_head":"<!-- This site is optimized with the Yoast SEO plugin v28.4 - https:\/\/yoast.com\/product\/yoast-seo-wordpress\/ -->\n<title>El arte, una expresi\u00f3n del alma (Ecuador) - Noticias de Nueva Acr\u00f3polis<\/title>\n<meta name=\"robots\" content=\"index, follow, max-snippet:-1, max-image-preview:large, max-video-preview:-1\" \/>\n<link rel=\"canonical\" href=\"https:\/\/news.acropolis.org\/es\/2026\/el-arte-una-expresion-del-alma-ecuador\/\" \/>\n<meta name=\"twitter:card\" content=\"summary_large_image\" \/>\n<meta name=\"twitter:title\" content=\"El arte, una expresi\u00f3n del alma (Ecuador) - Noticias de Nueva Acr\u00f3polis\" \/>\n<meta name=\"twitter:description\" content=\"El Arte es la expresi\u00f3n viva del Alma, y Nueva Acr\u00f3polis lo expres\u00f3 en sus diferentes facetas en todas las ciudades donde estamos presentes como Escuela de Filosof\u00eda. En la [&hellip;]\" \/>\n<meta name=\"twitter:image\" content=\"https:\/\/news.acropolis.org\/wp-content\/uploads\/2026\/07\/6-Ibarra-DMA.png\" \/>\n<meta name=\"twitter:label1\" content=\"Escrito por\" \/>\n\t<meta name=\"twitter:data1\" content=\"Ecuador\" \/>\n\t<meta name=\"twitter:label2\" content=\"Tiempo de lectura\" \/>\n\t<meta name=\"twitter:data2\" content=\"2 minutes\" \/>\n<script type=\"application\/ld+json\" class=\"yoast-schema-graph\">{\"@context\":\"https:\\\/\\\/schema.org\",\"@graph\":[{\"@type\":\"Article\",\"@id\":\"https:\\\/\\\/news.acropolis.org\\\/es\\\/2026\\\/el-arte-una-expresion-del-alma-ecuador\\\/#article\",\"isPartOf\":{\"@id\":\"https:\\\/\\\/news.acropolis.org\\\/es\\\/2026\\\/el-arte-una-expresion-del-alma-ecuador\\\/\"},\"author\":{\"name\":\"Ecuador\",\"@id\":\"https:\\\/\\\/news.acropolis.org\\\/es\\\/#\\\/schema\\\/person\\\/bc7c27ee37266735e91475748ad138af\"},\"headline\":\"El arte, una expresi\u00f3n del alma (Ecuador)\",\"datePublished\":\"2026-09-04T11:00:03+00:00\",\"dateModified\":\"2026-09-04T11:11:40+00:00\",\"mainEntityOfPage\":{\"@id\":\"https:\\\/\\\/news.acropolis.org\\\/es\\\/2026\\\/el-arte-una-expresion-del-alma-ecuador\\\/\"},\"wordCount\":149,\"commentCount\":0,\"image\":{\"@id\":\"https:\\\/\\\/news.acropolis.org\\\/es\\\/2026\\\/el-arte-una-expresion-del-alma-ecuador\\\/#primaryimage\"},\"thumbnailUrl\":\"https:\\\/\\\/news.acropolis.org\\\/wp-content\\\/uploads\\\/2026\\\/07\\\/6-Ibarra-DMA.png\",\"articleSection\":[\"D\u00eda de las Artes\"],\"inLanguage\":\"es-ES\",\"potentialAction\":[{\"@type\":\"CommentAction\",\"name\":\"Comment\",\"target\":[\"https:\\\/\\\/news.acropolis.org\\\/es\\\/2026\\\/el-arte-una-expresion-del-alma-ecuador\\\/#respond\"]}]},{\"@type\":\"WebPage\",\"@id\":\"https:\\\/\\\/news.acropolis.org\\\/es\\\/2026\\\/el-arte-una-expresion-del-alma-ecuador\\\/\",\"url\":\"https:\\\/\\\/news.acropolis.org\\\/es\\\/2026\\\/el-arte-una-expresion-del-alma-ecuador\\\/\",\"name\":\"El arte, una expresi\u00f3n del alma (Ecuador) - Noticias de Nueva Acr\u00f3polis\",\"isPartOf\":{\"@id\":\"https:\\\/\\\/news.acropolis.org\\\/es\\\/#website\"},\"primaryImageOfPage\":{\"@id\":\"https:\\\/\\\/news.acropolis.org\\\/es\\\/2026\\\/el-arte-una-expresion-del-alma-ecuador\\\/#primaryimage\"},\"image\":{\"@id\":\"https:\\\/\\\/news.acropolis.org\\\/es\\\/2026\\\/el-arte-una-expresion-del-alma-ecuador\\\/#primaryimage\"},\"thumbnailUrl\":\"https:\\\/\\\/news.acropolis.org\\\/wp-content\\\/uploads\\\/2026\\\/07\\\/6-Ibarra-DMA.png\",\"datePublished\":\"2026-09-04T11:00:03+00:00\",\"dateModified\":\"2026-09-04T11:11:40+00:00\",\"author\":{\"@id\":\"https:\\\/\\\/news.acropolis.org\\\/es\\\/#\\\/schema\\\/person\\\/bc7c27ee37266735e91475748ad138af\"},\"breadcrumb\":{\"@id\":\"https:\\\/\\\/news.acropolis.org\\\/es\\\/2026\\\/el-arte-una-expresion-del-alma-ecuador\\\/#breadcrumb\"},\"inLanguage\":\"es-ES\",\"potentialAction\":[{\"@type\":\"ReadAction\",\"target\":[\"https:\\\/\\\/news.acropolis.org\\\/es\\\/2026\\\/el-arte-una-expresion-del-alma-ecuador\\\/\"]}]},{\"@type\":\"ImageObject\",\"inLanguage\":\"es-ES\",\"@id\":\"https:\\\/\\\/news.acropolis.org\\\/es\\\/2026\\\/el-arte-una-expresion-del-alma-ecuador\\\/#primaryimage\",\"url\":\"https:\\\/\\\/news.acropolis.org\\\/wp-content\\\/uploads\\\/2026\\\/07\\\/6-Ibarra-DMA.png\",\"contentUrl\":\"https:\\\/\\\/news.acropolis.org\\\/wp-content\\\/uploads\\\/2026\\\/07\\\/6-Ibarra-DMA.png\",\"width\":1080,\"height\":1350},{\"@type\":\"BreadcrumbList\",\"@id\":\"https:\\\/\\\/news.acropolis.org\\\/es\\\/2026\\\/el-arte-una-expresion-del-alma-ecuador\\\/#breadcrumb\",\"itemListElement\":[{\"@type\":\"ListItem\",\"position\":1,\"name\":\"Portada\",\"item\":\"https:\\\/\\\/news.acropolis.org\\\/es\\\/\"},{\"@type\":\"ListItem\",\"position\":2,\"name\":\"El arte, una expresi\u00f3n del alma (Ecuador)\"}]},{\"@type\":\"WebSite\",\"@id\":\"https:\\\/\\\/news.acropolis.org\\\/es\\\/#website\",\"url\":\"https:\\\/\\\/news.acropolis.org\\\/es\\\/\",\"name\":\"Noticias de Nueva Acr\u00f3polis\",\"description\":\"Actividades de la Organizaci\u00f3n Internacional Nueva Acr\u00f3polis\",\"potentialAction\":[{\"@type\":\"SearchAction\",\"target\":{\"@type\":\"EntryPoint\",\"urlTemplate\":\"https:\\\/\\\/news.acropolis.org\\\/es\\\/?s={search_term_string}\"},\"query-input\":{\"@type\":\"PropertyValueSpecification\",\"valueRequired\":true,\"valueName\":\"search_term_string\"}}],\"inLanguage\":\"es-ES\"},{\"@type\":\"Person\",\"@id\":\"https:\\\/\\\/news.acropolis.org\\\/es\\\/#\\\/schema\\\/person\\\/bc7c27ee37266735e91475748ad138af\",\"name\":\"Ecuador\",\"image\":{\"@type\":\"ImageObject\",\"inLanguage\":\"es-ES\",\"@id\":\"https:\\\/\\\/news.acropolis.org\\\/wp-content\\\/uploads\\\/2017\\\/05\\\/ECU.png\",\"url\":\"https:\\\/\\\/news.acropolis.org\\\/wp-content\\\/uploads\\\/2017\\\/05\\\/ECU.png\",\"contentUrl\":\"https:\\\/\\\/news.acropolis.org\\\/wp-content\\\/uploads\\\/2017\\\/05\\\/ECU.png\",\"caption\":\"Ecuador\"},\"sameAs\":[\"https:\\\/\\\/www.acropolisecuador.org\\\/\",\"https:\\\/\\\/www.instagram.com\\\/nueva.acropolis.ecuador\\\/\"],\"url\":\"https:\\\/\\\/news.acropolis.org\\\/es\\\/author\\\/oinaec\\\/\"}]}<\/script>\n<!-- \/ Yoast SEO plugin. -->","yoast_head_json":{"title":"El arte, una expresi\u00f3n del alma (Ecuador) - Noticias de Nueva Acr\u00f3polis","robots":{"index":"index","follow":"follow","max-snippet":"max-snippet:-1","max-image-preview":"max-image-preview:large","max-video-preview":"max-video-preview:-1"},"canonical":"https:\/\/news.acropolis.org\/es\/2026\/el-arte-una-expresion-del-alma-ecuador\/","twitter_card":"summary_large_image","twitter_title":"El arte, una expresi\u00f3n del alma (Ecuador) - Noticias de Nueva Acr\u00f3polis","twitter_description":"El Arte es la expresi\u00f3n viva del Alma, y Nueva Acr\u00f3polis lo expres\u00f3 en sus diferentes facetas en todas las ciudades donde estamos presentes como Escuela de Filosof\u00eda. En la [&hellip;]","twitter_image":"https:\/\/news.acropolis.org\/wp-content\/uploads\/2026\/07\/6-Ibarra-DMA.png","twitter_misc":{"Escrito por":"Ecuador","Tiempo de lectura":"2 minutes"},"schema":{"@context":"https:\/\/schema.org","@graph":[{"@type":"Article","@id":"https:\/\/news.acropolis.org\/es\/2026\/el-arte-una-expresion-del-alma-ecuador\/#article","isPartOf":{"@id":"https:\/\/news.acropolis.org\/es\/2026\/el-arte-una-expresion-del-alma-ecuador\/"},"author":{"name":"Ecuador","@id":"https:\/\/news.acropolis.org\/es\/#\/schema\/person\/bc7c27ee37266735e91475748ad138af"},"headline":"El arte, una expresi\u00f3n del alma (Ecuador)","datePublished":"2026-09-04T11:00:03+00:00","dateModified":"2026-09-04T11:11:40+00:00","mainEntityOfPage":{"@id":"https:\/\/news.acropolis.org\/es\/2026\/el-arte-una-expresion-del-alma-ecuador\/"},"wordCount":149,"commentCount":0,"image":{"@id":"https:\/\/news.acropolis.org\/es\/2026\/el-arte-una-expresion-del-alma-ecuador\/#primaryimage"},"thumbnailUrl":"https:\/\/news.acropolis.org\/wp-content\/uploads\/2026\/07\/6-Ibarra-DMA.png","articleSection":["D\u00eda de las Artes"],"inLanguage":"es-ES","potentialAction":[{"@type":"CommentAction","name":"Comment","target":["https:\/\/news.acropolis.org\/es\/2026\/el-arte-una-expresion-del-alma-ecuador\/#respond"]}]},{"@type":"WebPage","@id":"https:\/\/news.acropolis.org\/es\/2026\/el-arte-una-expresion-del-alma-ecuador\/","url":"https:\/\/news.acropolis.org\/es\/2026\/el-arte-una-expresion-del-alma-ecuador\/","name":"El arte, una expresi\u00f3n del alma (Ecuador) - Noticias de Nueva Acr\u00f3polis","isPartOf":{"@id":"https:\/\/news.acropolis.org\/es\/#website"},"primaryImageOfPage":{"@id":"https:\/\/news.acropolis.org\/es\/2026\/el-arte-una-expresion-del-alma-ecuador\/#primaryimage"},"image":{"@id":"https:\/\/news.acropolis.org\/es\/2026\/el-arte-una-expresion-del-alma-ecuador\/#primaryimage"},"thumbnailUrl":"https:\/\/news.acropolis.org\/wp-content\/uploads\/2026\/07\/6-Ibarra-DMA.png","datePublished":"2026-09-04T11:00:03+00:00","dateModified":"2026-09-04T11:11:40+00:00","author":{"@id":"https:\/\/news.acropolis.org\/es\/#\/schema\/person\/bc7c27ee37266735e91475748ad138af"},"breadcrumb":{"@id":"https:\/\/news.acropolis.org\/es\/2026\/el-arte-una-expresion-del-alma-ecuador\/#breadcrumb"},"inLanguage":"es-ES","potentialAction":[{"@type":"ReadAction","target":["https:\/\/news.acropolis.org\/es\/2026\/el-arte-una-expresion-del-alma-ecuador\/"]}]},{"@type":"ImageObject","inLanguage":"es-ES","@id":"https:\/\/news.acropolis.org\/es\/2026\/el-arte-una-expresion-del-alma-ecuador\/#primaryimage","url":"https:\/\/news.acropolis.org\/wp-content\/uploads\/2026\/07\/6-Ibarra-DMA.png","contentUrl":"https:\/\/news.acropolis.org\/wp-content\/uploads\/2026\/07\/6-Ibarra-DMA.png","width":1080,"height":1350},{"@type":"BreadcrumbList","@id":"https:\/\/news.acropolis.org\/es\/2026\/el-arte-una-expresion-del-alma-ecuador\/#breadcrumb","itemListElement":[{"@type":"ListItem","position":1,"name":"Portada","item":"https:\/\/news.acropolis.org\/es\/"},{"@type":"ListItem","position":2,"name":"El arte, una expresi\u00f3n del alma (Ecuador)"}]},{"@type":"WebSite","@id":"https:\/\/news.acropolis.org\/es\/#website","url":"https:\/\/news.acropolis.org\/es\/","name":"Noticias de Nueva Acr\u00f3polis","description":"Actividades de la Organizaci\u00f3n Internacional Nueva Acr\u00f3polis","potentialAction":[{"@type":"SearchAction","target":{"@type":"EntryPoint","urlTemplate":"https:\/\/news.acropolis.org\/es\/?s={search_term_string}"},"query-input":{"@type":"PropertyValueSpecification","valueRequired":true,"valueName":"search_term_string"}}],"inLanguage":"es-ES"},{"@type":"Person","@id":"https:\/\/news.acropolis.org\/es\/#\/schema\/person\/bc7c27ee37266735e91475748ad138af","name":"Ecuador","image":{"@type":"ImageObject","inLanguage":"es-ES","@id":"https:\/\/news.acropolis.org\/wp-content\/uploads\/2017\/05\/ECU.png","url":"https:\/\/news.acropolis.org\/wp-content\/uploads\/2017\/05\/ECU.png","contentUrl":"https:\/\/news.acropolis.org\/wp-content\/uploads\/2017\/05\/ECU.png","caption":"Ecuador"},"sameAs":["https:\/\/www.acropolisecuador.org\/","https:\/\/www.instagram.com\/nueva.acropolis.ecuador\/"],"url":"https:\/\/news.acropolis.org\/es\/author\/oinaec\/"}]}},"_links":{"self":[{"href":"https:\/\/news.acropolis.org\/es\/wp-json\/wp\/v2\/posts\/131220","targetHints":{"allow":["GET"]}}],"collection":[{"href":"https:\/\/news.acropolis.org\/es\/wp-json\/wp\/v2\/posts"}],"about":[{"href":"https:\/\/news.acropolis.org\/es\/wp-json\/wp\/v2\/types\/post"}],"author":[{"embeddable":true,"href":"https:\/\/news.acropolis.org\/es\/wp-json\/wp\/v2\/users\/54"}],"replies":[{"embeddable":true,"href":"https:\/\/news.acropolis.org\/es\/wp-json\/wp\/v2\/comments?post=131220"}],"version-history":[{"count":7,"href":"https:\/\/news.acropolis.org\/es\/wp-json\/wp\/v2\/posts\/131220\/revisions"}],"predecessor-version":[{"id":132313,"href":"https:\/\/news.acropolis.org\/es\/wp-json\/wp\/v2\/posts\/131220\/revisions\/132313"}],"wp:featuredmedia":[{"embeddable":true,"href":"https:\/\/news.acropolis.org\/es\/wp-json\/wp\/v2\/media\/131221"}],"wp:attachment":[{"href":"https:\/\/news.acropolis.org\/es\/wp-json\/wp\/v2\/media?parent=131220"}],"wp:term":[{"taxonomy":"category","embeddable":true,"href":"https:\/\/news.acropolis.org\/es\/wp-json\/wp\/v2\/categories?post=131220"},{"taxonomy":"post_tag","embeddable":true,"href":"https:\/\/news.acropolis.org\/es\/wp-json\/wp\/v2\/tags?post=131220"}],"curies":[{"name":"wp","href":"https:\/\/api.w.org\/{rel}","templated":true}]}}