{"id":131928,"date":"2026-09-04T12:50:04","date_gmt":"2026-09-04T10:50:04","guid":{"rendered":"https:\/\/news.acropolis.org\/?p=131928"},"modified":"2026-09-04T12:50:04","modified_gmt":"2026-09-04T10:50:04","slug":"el-viaje-de-odiseo-una-travesia-de-lectura-y-reflexion-filosofica-cordoba-argentina","status":"publish","type":"post","link":"https:\/\/news.acropolis.org\/es\/2026\/el-viaje-de-odiseo-una-travesia-de-lectura-y-reflexion-filosofica-cordoba-argentina\/","title":{"rendered":"El viaje de Odiseo: Una traves\u00eda de lectura y reflexi\u00f3n filos\u00f3fica (C\u00f3rdoba, Argentina)"},"content":{"rendered":"<p data-path-to-node=\"1\">Hace casi tres mil a\u00f1os, Homero leg\u00f3 a la humanidad una de sus obras m\u00e1s atemporales: <i data-path-to-node=\"1\" data-index-in-node=\"86\">La Odisea<\/i>. Con esa inspiraci\u00f3n, los miembros de Nueva Acr\u00f3polis C\u00f3rdoba llevaron a cabo un <b data-path-to-node=\"1\" data-index-in-node=\"177\">Taller de Lectura<\/b> dedicado a recorrer este cl\u00e1sico inmortal, explorando sus s\u00edmbolos y su profunda vigencia para la vida cotidiana.<\/p>\n<p data-path-to-node=\"2\">El encuentro se plante\u00f3 como una invitaci\u00f3n a hacerse una pregunta fundamental que trasciende los siglos: <b data-path-to-node=\"2\" data-index-in-node=\"106\">\u00bfqu\u00e9 significa realmente volver a casa?<\/b><\/p>\n<p data-path-to-node=\"5\">M\u00e1s all\u00e1 de ser una historia de aventuras marinas, la expedici\u00f3n de Ulises sirvi\u00f3 como un espejo del periplo humano. A lo largo del taller, los participantes analizaron c\u00f3mo los desaf\u00edos, las tentaciones, los monstruos y las decisiones del h\u00e9roe griego representan los obst\u00e1culos internos que enfrentamos en nuestro propio camino.<\/p>\n<p data-path-to-node=\"6\">Para enriquecer el di\u00e1logo, la actividad cont\u00f3 con un &#8220;mapa de viaje&#8221;: una gu\u00eda de preguntas que los asistentes recibieron tras su inscripci\u00f3n para enfocar la lectura e intercambiar miradas durante la jornada.<\/p>\n<ul data-path-to-node=\"7\">\n<li>\n<p data-path-to-node=\"7,0,0\"><b data-path-to-node=\"7,0,0\" data-index-in-node=\"0\">El anhelo de \u00cdtaca:<\/b> Comprender el regreso al hogar como la b\u00fasqueda de aquello que da sentido, centro y prop\u00f3sito a la existencia.<\/p>\n<\/li>\n<li>\n<p data-path-to-node=\"7,1,0\"><b data-path-to-node=\"7,1,0\" data-index-in-node=\"0\">El valor de la aventura:<\/b> El aprendizaje que surge de no rendirse frente a la adversidad y mantener viva la voluntad.<\/p>\n<\/li>\n<li>\n<p data-path-to-node=\"7,2,0\"><b data-path-to-node=\"7,2,0\" data-index-in-node=\"0\">Un espacio abierto:<\/b> Un di\u00e1logo donde no hizo falta ser un experto en literatura cl\u00e1sica, sino tener el entusiasmo de compartir y dejarse inspirar.<\/p>\n<\/li>\n<\/ul>\n<blockquote data-path-to-node=\"8\">\n<p data-path-to-node=\"8,0\"><em>&#8220;El verdadero viaje de Odiseo no es solo geogr\u00e1fico, sino interior: es la traves\u00eda del alma humana en b\u00fasqueda de su propia esencia.&#8221;<\/em><\/p>\n<\/blockquote>\n<div id='gallery-1' class='gallery galleryid-131928 gallery-columns-2 gallery-size-medium'><figure class='gallery-item'>\n\t\t\t<div class='gallery-icon portrait'>\n\t\t\t\t<a href='https:\/\/news.acropolis.org\/es\/2026\/el-viaje-de-odiseo-una-travesia-de-lectura-y-reflexion-filosofica-cordoba-argentina\/whatsapp-image-2026-08-23-at-14-33-35\/'><img loading=\"lazy\" decoding=\"async\" width=\"225\" height=\"300\" src=\"https:\/\/news.acropolis.org\/wp-content\/uploads\/2026\/08\/WhatsApp-Image-2026-08-23-at-14.33.35-225x300.jpeg\" class=\"attachment-medium size-medium\" alt=\"\" srcset=\"https:\/\/news.acropolis.org\/wp-content\/uploads\/2026\/08\/WhatsApp-Image-2026-08-23-at-14.33.35-225x300.jpeg 225w, https:\/\/news.acropolis.org\/wp-content\/uploads\/2026\/08\/WhatsApp-Image-2026-08-23-at-14.33.35-768x1024.jpeg 768w, https:\/\/news.acropolis.org\/wp-content\/uploads\/2026\/08\/WhatsApp-Image-2026-08-23-at-14.33.35-1152x1536.jpeg 1152w, https:\/\/news.acropolis.org\/wp-content\/uploads\/2026\/08\/WhatsApp-Image-2026-08-23-at-14.33.35-730x973.jpeg 730w, https:\/\/news.acropolis.org\/wp-content\/uploads\/2026\/08\/WhatsApp-Image-2026-08-23-at-14.33.35-435x580.jpeg 435w, https:\/\/news.acropolis.org\/wp-content\/uploads\/2026\/08\/WhatsApp-Image-2026-08-23-at-14.33.35.jpeg 1200w\" sizes=\"auto, (max-width: 225px) 100vw, 225px\" \/><\/a>\n\t\t\t<\/div><\/figure><figure class='gallery-item'>\n\t\t\t<div class='gallery-icon portrait'>\n\t\t\t\t<a href='https:\/\/news.acropolis.org\/es\/2026\/el-viaje-de-odiseo-una-travesia-de-lectura-y-reflexion-filosofica-cordoba-argentina\/whatsapp-image-2026-08-23-at-14-33-35-4\/'><img loading=\"lazy\" decoding=\"async\" width=\"226\" height=\"300\" src=\"https:\/\/news.acropolis.org\/wp-content\/uploads\/2026\/08\/WhatsApp-Image-2026-08-23-at-14.33.35-4-226x300.jpeg\" class=\"attachment-medium size-medium\" alt=\"\" srcset=\"https:\/\/news.acropolis.org\/wp-content\/uploads\/2026\/08\/WhatsApp-Image-2026-08-23-at-14.33.35-4-226x300.jpeg 226w, https:\/\/news.acropolis.org\/wp-content\/uploads\/2026\/08\/WhatsApp-Image-2026-08-23-at-14.33.35-4-771x1024.jpeg 771w, https:\/\/news.acropolis.org\/wp-content\/uploads\/2026\/08\/WhatsApp-Image-2026-08-23-at-14.33.35-4-768x1021.jpeg 768w, https:\/\/news.acropolis.org\/wp-content\/uploads\/2026\/08\/WhatsApp-Image-2026-08-23-at-14.33.35-4-1156x1536.jpeg 1156w, https:\/\/news.acropolis.org\/wp-content\/uploads\/2026\/08\/WhatsApp-Image-2026-08-23-at-14.33.35-4-730x970.jpeg 730w, https:\/\/news.acropolis.org\/wp-content\/uploads\/2026\/08\/WhatsApp-Image-2026-08-23-at-14.33.35-4-435x578.jpeg 435w, https:\/\/news.acropolis.org\/wp-content\/uploads\/2026\/08\/WhatsApp-Image-2026-08-23-at-14.33.35-4.jpeg 1204w\" sizes=\"auto, (max-width: 226px) 100vw, 226px\" \/><\/a>\n\t\t\t<\/div><\/figure><figure class='gallery-item'>\n\t\t\t<div class='gallery-icon portrait'>\n\t\t\t\t<a href='https:\/\/news.acropolis.org\/es\/2026\/el-viaje-de-odiseo-una-travesia-de-lectura-y-reflexion-filosofica-cordoba-argentina\/whatsapp-image-2026-08-23-at-14-33-35-1\/'><img loading=\"lazy\" decoding=\"async\" width=\"226\" height=\"300\" src=\"https:\/\/news.acropolis.org\/wp-content\/uploads\/2026\/08\/WhatsApp-Image-2026-08-23-at-14.33.35-1-226x300.jpeg\" class=\"attachment-medium size-medium\" alt=\"\" srcset=\"https:\/\/news.acropolis.org\/wp-content\/uploads\/2026\/08\/WhatsApp-Image-2026-08-23-at-14.33.35-1-226x300.jpeg 226w, https:\/\/news.acropolis.org\/wp-content\/uploads\/2026\/08\/WhatsApp-Image-2026-08-23-at-14.33.35-1-771x1024.jpeg 771w, https:\/\/news.acropolis.org\/wp-content\/uploads\/2026\/08\/WhatsApp-Image-2026-08-23-at-14.33.35-1-768x1021.jpeg 768w, https:\/\/news.acropolis.org\/wp-content\/uploads\/2026\/08\/WhatsApp-Image-2026-08-23-at-14.33.35-1-1156x1536.jpeg 1156w, https:\/\/news.acropolis.org\/wp-content\/uploads\/2026\/08\/WhatsApp-Image-2026-08-23-at-14.33.35-1-730x970.jpeg 730w, https:\/\/news.acropolis.org\/wp-content\/uploads\/2026\/08\/WhatsApp-Image-2026-08-23-at-14.33.35-1-435x578.jpeg 435w, https:\/\/news.acropolis.org\/wp-content\/uploads\/2026\/08\/WhatsApp-Image-2026-08-23-at-14.33.35-1.jpeg 1204w\" sizes=\"auto, (max-width: 226px) 100vw, 226px\" \/><\/a>\n\t\t\t<\/div><\/figure><figure class='gallery-item'>\n\t\t\t<div class='gallery-icon portrait'>\n\t\t\t\t<a href='https:\/\/news.acropolis.org\/es\/2026\/el-viaje-de-odiseo-una-travesia-de-lectura-y-reflexion-filosofica-cordoba-argentina\/whatsapp-image-2026-08-23-at-14-33-35-5\/'><img loading=\"lazy\" decoding=\"async\" width=\"226\" height=\"300\" src=\"https:\/\/news.acropolis.org\/wp-content\/uploads\/2026\/08\/WhatsApp-Image-2026-08-23-at-14.33.35-5-226x300.jpeg\" class=\"attachment-medium size-medium\" alt=\"\" srcset=\"https:\/\/news.acropolis.org\/wp-content\/uploads\/2026\/08\/WhatsApp-Image-2026-08-23-at-14.33.35-5-226x300.jpeg 226w, https:\/\/news.acropolis.org\/wp-content\/uploads\/2026\/08\/WhatsApp-Image-2026-08-23-at-14.33.35-5-771x1024.jpeg 771w, https:\/\/news.acropolis.org\/wp-content\/uploads\/2026\/08\/WhatsApp-Image-2026-08-23-at-14.33.35-5-768x1021.jpeg 768w, https:\/\/news.acropolis.org\/wp-content\/uploads\/2026\/08\/WhatsApp-Image-2026-08-23-at-14.33.35-5-1156x1536.jpeg 1156w, https:\/\/news.acropolis.org\/wp-content\/uploads\/2026\/08\/WhatsApp-Image-2026-08-23-at-14.33.35-5-730x970.jpeg 730w, https:\/\/news.acropolis.org\/wp-content\/uploads\/2026\/08\/WhatsApp-Image-2026-08-23-at-14.33.35-5-435x578.jpeg 435w, https:\/\/news.acropolis.org\/wp-content\/uploads\/2026\/08\/WhatsApp-Image-2026-08-23-at-14.33.35-5.jpeg 1204w\" sizes=\"auto, (max-width: 226px) 100vw, 226px\" \/><\/a>\n\t\t\t<\/div><\/figure>\n\t\t<\/div>\n\n","protected":false},"excerpt":{"rendered":"<p>Hace casi tres mil a\u00f1os, Homero leg\u00f3 a la humanidad una de sus obras m\u00e1s atemporales: La Odisea. Con esa inspiraci\u00f3n, los miembros de Nueva Acr\u00f3polis C\u00f3rdoba llevaron a cabo [&hellip;]<\/p>\n","protected":false},"author":3,"featured_media":131935,"comment_status":"open","ping_status":"open","sticky":false,"template":"","format":"standard","meta":{"footnotes":""},"categories":[46],"tags":[6675,6225,187,6683,4532],"class_list":["post-131928","post","type-post","status-publish","format-standard","has-post-thumbnail","hentry","category-actividades_culturales","tag-escuela-de-filosofia-es","tag-la-odisea","tag-nueva-acropolis","tag-taller-de-lectura","tag-ulises","clearfix"],"yoast_head":"<!-- This site is optimized with the Yoast SEO plugin v28.4 - https:\/\/yoast.com\/product\/yoast-seo-wordpress\/ -->\n<title>El viaje de Odiseo: Una traves\u00eda de lectura y reflexi\u00f3n filos\u00f3fica (C\u00f3rdoba, Argentina) - Noticias de Nueva Acr\u00f3polis<\/title>\n<meta name=\"robots\" content=\"index, follow, max-snippet:-1, max-image-preview:large, max-video-preview:-1\" \/>\n<link rel=\"canonical\" href=\"https:\/\/news.acropolis.org\/es\/2026\/el-viaje-de-odiseo-una-travesia-de-lectura-y-reflexion-filosofica-cordoba-argentina\/\" \/>\n<meta name=\"twitter:card\" content=\"summary_large_image\" \/>\n<meta name=\"twitter:title\" content=\"El viaje de Odiseo: Una traves\u00eda de lectura y reflexi\u00f3n filos\u00f3fica (C\u00f3rdoba, Argentina) - Noticias de Nueva Acr\u00f3polis\" \/>\n<meta name=\"twitter:description\" content=\"Hace casi tres mil a\u00f1os, Homero leg\u00f3 a la humanidad una de sus obras m\u00e1s atemporales: La Odisea. Con esa inspiraci\u00f3n, los miembros de Nueva Acr\u00f3polis C\u00f3rdoba llevaron a cabo [&hellip;]\" \/>\n<meta name=\"twitter:image\" content=\"https:\/\/news.acropolis.org\/wp-content\/uploads\/2026\/08\/WhatsApp-Image-2026-08-23-at-14.33.35-1.jpeg\" \/>\n<meta name=\"twitter:label1\" content=\"Escrito por\" \/>\n\t<meta name=\"twitter:data1\" content=\"Argentina\" \/>\n\t<meta name=\"twitter:label2\" content=\"Tiempo de lectura\" \/>\n\t<meta name=\"twitter:data2\" content=\"2 minutes\" \/>\n<script type=\"application\/ld+json\" class=\"yoast-schema-graph\">{\"@context\":\"https:\\\/\\\/schema.org\",\"@graph\":[{\"@type\":\"Article\",\"@id\":\"https:\\\/\\\/news.acropolis.org\\\/es\\\/2026\\\/el-viaje-de-odiseo-una-travesia-de-lectura-y-reflexion-filosofica-cordoba-argentina\\\/#article\",\"isPartOf\":{\"@id\":\"https:\\\/\\\/news.acropolis.org\\\/es\\\/2026\\\/el-viaje-de-odiseo-una-travesia-de-lectura-y-reflexion-filosofica-cordoba-argentina\\\/\"},\"author\":{\"name\":\"Argentina\",\"@id\":\"https:\\\/\\\/news.acropolis.org\\\/es\\\/#\\\/schema\\\/person\\\/73090c837fa137fded6877d52084228f\"},\"headline\":\"El viaje de Odiseo: Una traves\u00eda de lectura y reflexi\u00f3n filos\u00f3fica (C\u00f3rdoba, Argentina)\",\"datePublished\":\"2026-09-04T10:50:04+00:00\",\"mainEntityOfPage\":{\"@id\":\"https:\\\/\\\/news.acropolis.org\\\/es\\\/2026\\\/el-viaje-de-odiseo-una-travesia-de-lectura-y-reflexion-filosofica-cordoba-argentina\\\/\"},\"wordCount\":294,\"commentCount\":0,\"image\":{\"@id\":\"https:\\\/\\\/news.acropolis.org\\\/es\\\/2026\\\/el-viaje-de-odiseo-una-travesia-de-lectura-y-reflexion-filosofica-cordoba-argentina\\\/#primaryimage\"},\"thumbnailUrl\":\"https:\\\/\\\/news.acropolis.org\\\/wp-content\\\/uploads\\\/2026\\\/08\\\/WhatsApp-Image-2026-08-23-at-14.33.35-1.jpeg\",\"keywords\":[\"Escuela de Filosofia\",\"La Odisea\",\"nueva acr\u00f3polis\",\"Taller de lectura\",\"Ulises\"],\"articleSection\":[\"Actividades Culturales\"],\"inLanguage\":\"es-ES\",\"potentialAction\":[{\"@type\":\"CommentAction\",\"name\":\"Comment\",\"target\":[\"https:\\\/\\\/news.acropolis.org\\\/es\\\/2026\\\/el-viaje-de-odiseo-una-travesia-de-lectura-y-reflexion-filosofica-cordoba-argentina\\\/#respond\"]}]},{\"@type\":\"WebPage\",\"@id\":\"https:\\\/\\\/news.acropolis.org\\\/es\\\/2026\\\/el-viaje-de-odiseo-una-travesia-de-lectura-y-reflexion-filosofica-cordoba-argentina\\\/\",\"url\":\"https:\\\/\\\/news.acropolis.org\\\/es\\\/2026\\\/el-viaje-de-odiseo-una-travesia-de-lectura-y-reflexion-filosofica-cordoba-argentina\\\/\",\"name\":\"El viaje de Odiseo: Una traves\u00eda de lectura y reflexi\u00f3n filos\u00f3fica (C\u00f3rdoba, Argentina) - Noticias de Nueva Acr\u00f3polis\",\"isPartOf\":{\"@id\":\"https:\\\/\\\/news.acropolis.org\\\/es\\\/#website\"},\"primaryImageOfPage\":{\"@id\":\"https:\\\/\\\/news.acropolis.org\\\/es\\\/2026\\\/el-viaje-de-odiseo-una-travesia-de-lectura-y-reflexion-filosofica-cordoba-argentina\\\/#primaryimage\"},\"image\":{\"@id\":\"https:\\\/\\\/news.acropolis.org\\\/es\\\/2026\\\/el-viaje-de-odiseo-una-travesia-de-lectura-y-reflexion-filosofica-cordoba-argentina\\\/#primaryimage\"},\"thumbnailUrl\":\"https:\\\/\\\/news.acropolis.org\\\/wp-content\\\/uploads\\\/2026\\\/08\\\/WhatsApp-Image-2026-08-23-at-14.33.35-1.jpeg\",\"datePublished\":\"2026-09-04T10:50:04+00:00\",\"author\":{\"@id\":\"https:\\\/\\\/news.acropolis.org\\\/es\\\/#\\\/schema\\\/person\\\/73090c837fa137fded6877d52084228f\"},\"breadcrumb\":{\"@id\":\"https:\\\/\\\/news.acropolis.org\\\/es\\\/2026\\\/el-viaje-de-odiseo-una-travesia-de-lectura-y-reflexion-filosofica-cordoba-argentina\\\/#breadcrumb\"},\"inLanguage\":\"es-ES\",\"potentialAction\":[{\"@type\":\"ReadAction\",\"target\":[\"https:\\\/\\\/news.acropolis.org\\\/es\\\/2026\\\/el-viaje-de-odiseo-una-travesia-de-lectura-y-reflexion-filosofica-cordoba-argentina\\\/\"]}]},{\"@type\":\"ImageObject\",\"inLanguage\":\"es-ES\",\"@id\":\"https:\\\/\\\/news.acropolis.org\\\/es\\\/2026\\\/el-viaje-de-odiseo-una-travesia-de-lectura-y-reflexion-filosofica-cordoba-argentina\\\/#primaryimage\",\"url\":\"https:\\\/\\\/news.acropolis.org\\\/wp-content\\\/uploads\\\/2026\\\/08\\\/WhatsApp-Image-2026-08-23-at-14.33.35-1.jpeg\",\"contentUrl\":\"https:\\\/\\\/news.acropolis.org\\\/wp-content\\\/uploads\\\/2026\\\/08\\\/WhatsApp-Image-2026-08-23-at-14.33.35-1.jpeg\",\"width\":1204,\"height\":1600},{\"@type\":\"BreadcrumbList\",\"@id\":\"https:\\\/\\\/news.acropolis.org\\\/es\\\/2026\\\/el-viaje-de-odiseo-una-travesia-de-lectura-y-reflexion-filosofica-cordoba-argentina\\\/#breadcrumb\",\"itemListElement\":[{\"@type\":\"ListItem\",\"position\":1,\"name\":\"Portada\",\"item\":\"https:\\\/\\\/news.acropolis.org\\\/es\\\/\"},{\"@type\":\"ListItem\",\"position\":2,\"name\":\"El viaje de Odiseo: Una traves\u00eda de lectura y reflexi\u00f3n filos\u00f3fica (C\u00f3rdoba, Argentina)\"}]},{\"@type\":\"WebSite\",\"@id\":\"https:\\\/\\\/news.acropolis.org\\\/es\\\/#website\",\"url\":\"https:\\\/\\\/news.acropolis.org\\\/es\\\/\",\"name\":\"Noticias de Nueva Acr\u00f3polis\",\"description\":\"Actividades de la Organizaci\u00f3n Internacional Nueva Acr\u00f3polis\",\"potentialAction\":[{\"@type\":\"SearchAction\",\"target\":{\"@type\":\"EntryPoint\",\"urlTemplate\":\"https:\\\/\\\/news.acropolis.org\\\/es\\\/?s={search_term_string}\"},\"query-input\":{\"@type\":\"PropertyValueSpecification\",\"valueRequired\":true,\"valueName\":\"search_term_string\"}}],\"inLanguage\":\"es-ES\"},{\"@type\":\"Person\",\"@id\":\"https:\\\/\\\/news.acropolis.org\\\/es\\\/#\\\/schema\\\/person\\\/73090c837fa137fded6877d52084228f\",\"name\":\"Argentina\",\"image\":{\"@type\":\"ImageObject\",\"inLanguage\":\"es-ES\",\"@id\":\"https:\\\/\\\/news.acropolis.org\\\/wp-content\\\/uploads\\\/2017\\\/05\\\/ARG.png\",\"url\":\"https:\\\/\\\/news.acropolis.org\\\/wp-content\\\/uploads\\\/2017\\\/05\\\/ARG.png\",\"contentUrl\":\"https:\\\/\\\/news.acropolis.org\\\/wp-content\\\/uploads\\\/2017\\\/05\\\/ARG.png\",\"caption\":\"Argentina\"},\"sameAs\":[\"http:\\\/\\\/nueva-acropolis.org.ar\"],\"url\":\"https:\\\/\\\/news.acropolis.org\\\/es\\\/author\\\/oinaars\\\/\"}]}<\/script>\n<!-- \/ Yoast SEO plugin. -->","yoast_head_json":{"title":"El viaje de Odiseo: Una traves\u00eda de lectura y reflexi\u00f3n filos\u00f3fica (C\u00f3rdoba, Argentina) - Noticias de Nueva Acr\u00f3polis","robots":{"index":"index","follow":"follow","max-snippet":"max-snippet:-1","max-image-preview":"max-image-preview:large","max-video-preview":"max-video-preview:-1"},"canonical":"https:\/\/news.acropolis.org\/es\/2026\/el-viaje-de-odiseo-una-travesia-de-lectura-y-reflexion-filosofica-cordoba-argentina\/","twitter_card":"summary_large_image","twitter_title":"El viaje de Odiseo: Una traves\u00eda de lectura y reflexi\u00f3n filos\u00f3fica (C\u00f3rdoba, Argentina) - Noticias de Nueva Acr\u00f3polis","twitter_description":"Hace casi tres mil a\u00f1os, Homero leg\u00f3 a la humanidad una de sus obras m\u00e1s atemporales: La Odisea. Con esa inspiraci\u00f3n, los miembros de Nueva Acr\u00f3polis C\u00f3rdoba llevaron a cabo [&hellip;]","twitter_image":"https:\/\/news.acropolis.org\/wp-content\/uploads\/2026\/08\/WhatsApp-Image-2026-08-23-at-14.33.35-1.jpeg","twitter_misc":{"Escrito por":"Argentina","Tiempo de lectura":"2 minutes"},"schema":{"@context":"https:\/\/schema.org","@graph":[{"@type":"Article","@id":"https:\/\/news.acropolis.org\/es\/2026\/el-viaje-de-odiseo-una-travesia-de-lectura-y-reflexion-filosofica-cordoba-argentina\/#article","isPartOf":{"@id":"https:\/\/news.acropolis.org\/es\/2026\/el-viaje-de-odiseo-una-travesia-de-lectura-y-reflexion-filosofica-cordoba-argentina\/"},"author":{"name":"Argentina","@id":"https:\/\/news.acropolis.org\/es\/#\/schema\/person\/73090c837fa137fded6877d52084228f"},"headline":"El viaje de Odiseo: Una traves\u00eda de lectura y reflexi\u00f3n filos\u00f3fica (C\u00f3rdoba, Argentina)","datePublished":"2026-09-04T10:50:04+00:00","mainEntityOfPage":{"@id":"https:\/\/news.acropolis.org\/es\/2026\/el-viaje-de-odiseo-una-travesia-de-lectura-y-reflexion-filosofica-cordoba-argentina\/"},"wordCount":294,"commentCount":0,"image":{"@id":"https:\/\/news.acropolis.org\/es\/2026\/el-viaje-de-odiseo-una-travesia-de-lectura-y-reflexion-filosofica-cordoba-argentina\/#primaryimage"},"thumbnailUrl":"https:\/\/news.acropolis.org\/wp-content\/uploads\/2026\/08\/WhatsApp-Image-2026-08-23-at-14.33.35-1.jpeg","keywords":["Escuela de Filosofia","La Odisea","nueva acr\u00f3polis","Taller de lectura","Ulises"],"articleSection":["Actividades Culturales"],"inLanguage":"es-ES","potentialAction":[{"@type":"CommentAction","name":"Comment","target":["https:\/\/news.acropolis.org\/es\/2026\/el-viaje-de-odiseo-una-travesia-de-lectura-y-reflexion-filosofica-cordoba-argentina\/#respond"]}]},{"@type":"WebPage","@id":"https:\/\/news.acropolis.org\/es\/2026\/el-viaje-de-odiseo-una-travesia-de-lectura-y-reflexion-filosofica-cordoba-argentina\/","url":"https:\/\/news.acropolis.org\/es\/2026\/el-viaje-de-odiseo-una-travesia-de-lectura-y-reflexion-filosofica-cordoba-argentina\/","name":"El viaje de Odiseo: Una traves\u00eda de lectura y reflexi\u00f3n filos\u00f3fica (C\u00f3rdoba, Argentina) - Noticias de Nueva Acr\u00f3polis","isPartOf":{"@id":"https:\/\/news.acropolis.org\/es\/#website"},"primaryImageOfPage":{"@id":"https:\/\/news.acropolis.org\/es\/2026\/el-viaje-de-odiseo-una-travesia-de-lectura-y-reflexion-filosofica-cordoba-argentina\/#primaryimage"},"image":{"@id":"https:\/\/news.acropolis.org\/es\/2026\/el-viaje-de-odiseo-una-travesia-de-lectura-y-reflexion-filosofica-cordoba-argentina\/#primaryimage"},"thumbnailUrl":"https:\/\/news.acropolis.org\/wp-content\/uploads\/2026\/08\/WhatsApp-Image-2026-08-23-at-14.33.35-1.jpeg","datePublished":"2026-09-04T10:50:04+00:00","author":{"@id":"https:\/\/news.acropolis.org\/es\/#\/schema\/person\/73090c837fa137fded6877d52084228f"},"breadcrumb":{"@id":"https:\/\/news.acropolis.org\/es\/2026\/el-viaje-de-odiseo-una-travesia-de-lectura-y-reflexion-filosofica-cordoba-argentina\/#breadcrumb"},"inLanguage":"es-ES","potentialAction":[{"@type":"ReadAction","target":["https:\/\/news.acropolis.org\/es\/2026\/el-viaje-de-odiseo-una-travesia-de-lectura-y-reflexion-filosofica-cordoba-argentina\/"]}]},{"@type":"ImageObject","inLanguage":"es-ES","@id":"https:\/\/news.acropolis.org\/es\/2026\/el-viaje-de-odiseo-una-travesia-de-lectura-y-reflexion-filosofica-cordoba-argentina\/#primaryimage","url":"https:\/\/news.acropolis.org\/wp-content\/uploads\/2026\/08\/WhatsApp-Image-2026-08-23-at-14.33.35-1.jpeg","contentUrl":"https:\/\/news.acropolis.org\/wp-content\/uploads\/2026\/08\/WhatsApp-Image-2026-08-23-at-14.33.35-1.jpeg","width":1204,"height":1600},{"@type":"BreadcrumbList","@id":"https:\/\/news.acropolis.org\/es\/2026\/el-viaje-de-odiseo-una-travesia-de-lectura-y-reflexion-filosofica-cordoba-argentina\/#breadcrumb","itemListElement":[{"@type":"ListItem","position":1,"name":"Portada","item":"https:\/\/news.acropolis.org\/es\/"},{"@type":"ListItem","position":2,"name":"El viaje de Odiseo: Una traves\u00eda de lectura y reflexi\u00f3n filos\u00f3fica (C\u00f3rdoba, Argentina)"}]},{"@type":"WebSite","@id":"https:\/\/news.acropolis.org\/es\/#website","url":"https:\/\/news.acropolis.org\/es\/","name":"Noticias de Nueva Acr\u00f3polis","description":"Actividades de la Organizaci\u00f3n Internacional Nueva Acr\u00f3polis","potentialAction":[{"@type":"SearchAction","target":{"@type":"EntryPoint","urlTemplate":"https:\/\/news.acropolis.org\/es\/?s={search_term_string}"},"query-input":{"@type":"PropertyValueSpecification","valueRequired":true,"valueName":"search_term_string"}}],"inLanguage":"es-ES"},{"@type":"Person","@id":"https:\/\/news.acropolis.org\/es\/#\/schema\/person\/73090c837fa137fded6877d52084228f","name":"Argentina","image":{"@type":"ImageObject","inLanguage":"es-ES","@id":"https:\/\/news.acropolis.org\/wp-content\/uploads\/2017\/05\/ARG.png","url":"https:\/\/news.acropolis.org\/wp-content\/uploads\/2017\/05\/ARG.png","contentUrl":"https:\/\/news.acropolis.org\/wp-content\/uploads\/2017\/05\/ARG.png","caption":"Argentina"},"sameAs":["http:\/\/nueva-acropolis.org.ar"],"url":"https:\/\/news.acropolis.org\/es\/author\/oinaars\/"}]}},"_links":{"self":[{"href":"https:\/\/news.acropolis.org\/es\/wp-json\/wp\/v2\/posts\/131928","targetHints":{"allow":["GET"]}}],"collection":[{"href":"https:\/\/news.acropolis.org\/es\/wp-json\/wp\/v2\/posts"}],"about":[{"href":"https:\/\/news.acropolis.org\/es\/wp-json\/wp\/v2\/types\/post"}],"author":[{"embeddable":true,"href":"https:\/\/news.acropolis.org\/es\/wp-json\/wp\/v2\/users\/3"}],"replies":[{"embeddable":true,"href":"https:\/\/news.acropolis.org\/es\/wp-json\/wp\/v2\/comments?post=131928"}],"version-history":[{"count":3,"href":"https:\/\/news.acropolis.org\/es\/wp-json\/wp\/v2\/posts\/131928\/revisions"}],"predecessor-version":[{"id":132295,"href":"https:\/\/news.acropolis.org\/es\/wp-json\/wp\/v2\/posts\/131928\/revisions\/132295"}],"wp:featuredmedia":[{"embeddable":true,"href":"https:\/\/news.acropolis.org\/es\/wp-json\/wp\/v2\/media\/131935"}],"wp:attachment":[{"href":"https:\/\/news.acropolis.org\/es\/wp-json\/wp\/v2\/media?parent=131928"}],"wp:term":[{"taxonomy":"category","embeddable":true,"href":"https:\/\/news.acropolis.org\/es\/wp-json\/wp\/v2\/categories?post=131928"},{"taxonomy":"post_tag","embeddable":true,"href":"https:\/\/news.acropolis.org\/es\/wp-json\/wp\/v2\/tags?post=131928"}],"curies":[{"name":"wp","href":"https:\/\/api.w.org\/{rel}","templated":true}]}}